{"id":3790,"date":"2026-08-30T16:54:33","date_gmt":"2026-08-30T20:54:33","guid":{"rendered":"https:\/\/girovisual.cl\/wp2\/?p=3790"},"modified":"2026-08-30T16:54:41","modified_gmt":"2026-08-30T20:54:41","slug":"serviu-retira-mas-de-20-toneladas-de-material-de-desprendimiento-de-av-espana-y-reabren-una-pista","status":"publish","type":"post","link":"https:\/\/girovisual.cl\/wp2\/serviu-retira-mas-de-20-toneladas-de-material-de-desprendimiento-de-av-espana-y-reabren-una-pista\/","title":{"rendered":"Serviu retira m\u00e1s de 20 toneladas de material de desprendimiento de Av. Espa\u00f1a y reabren una pista."},"content":{"rendered":"\n<p class=\"wp-block-paragraph\"><strong>A partir de este domingo 30 de agosto, desde las 19:00 horas, se reabre la Avenida Espa\u00f1a. Se mantendr\u00e1 una pista en direcci\u00f3n a Vi\u00f1a del Mar.<\/strong><\/p>\n\n\n\n<p class=\"wp-block-paragraph\">Durante los trabajos de mitigaci\u00f3n realizados en el sector, se detectaron zonas de roca fragmentada que no estaban contempladas inicialmente. Como parte de estas labores, ya se han retirado m\u00e1s de 20 toneladas de material con riesgo de desprendimiento hacia la avenida.<\/p>\n\n\n\n<p class=\"wp-block-paragraph\">Sin embargo, a\u00fan existen \u00e1reas que deben ser evaluadas, por lo que la v\u00eda se mantendr\u00e1 habilitada con una sola pista de circulaci\u00f3n. Esta medida responde al principio fundamental de resguardar la seguridad de las personas.<\/p>\n\n\n\n<p class=\"wp-block-paragraph\">En este contexto, el Serviu Valpara\u00edso continuar\u00e1 monitoreando el sector. Adem\u00e1s, durante los pr\u00f3ximos d\u00edas se instalar\u00e1n c\u00e1maras y sensores que permitir\u00e1n evaluar el comportamiento de la ladera y analizar la eventual habilitaci\u00f3n de una segunda pista de circulaci\u00f3n.<\/p>\n\n\n\n<p class=\"wp-block-paragraph\"><strong>Obras definitivas<\/strong><\/p>\n\n\n\n<p class=\"wp-block-paragraph\">En paralelo a las obras de mitigaci\u00f3n, se avanza en el desarrollo de la ingenier\u00eda de dise\u00f1o, que incluye estudios geot\u00e9cnicos, levantamientos topogr\u00e1ficos, monitoreo instrumental y an\u00e1lisis especializados. Estos antecedentes permitir\u00e1n definir las obras definitivas para la estabilizaci\u00f3n del talud que ser\u00e1n ejecutadas posteriormente.<\/p>\n\n\n\n<p class=\"wp-block-paragraph\">Entre las soluciones proyectadas se consideran sistemas de anclajes, instalaci\u00f3n de mallas de contenci\u00f3n, construcci\u00f3n de nuevos muros y obras de drenaje destinadas a reforzar la seguridad del sector.<\/p>\n\n\n\n<p class=\"wp-block-paragraph\"><\/p>\n\n    <div class=\"xs_social_share_widget xs_share_url after_content \t\tmain_content  wslu-style-1 wslu-share-box-shaped wslu-fill-colored wslu-none wslu-share-horizontal wslu-theme-font-no wslu-main_content\">\n\n\t\t\n        <ul>\n\t\t\t        <\/ul>\n    <\/div> \n","protected":false},"excerpt":{"rendered":"<p>A partir de este domingo 30 de agosto, desde las 19:00 horas, se reabre la Avenida Espa\u00f1a. Se mantendr\u00e1 una pista en direcci\u00f3n a Vi\u00f1a del Mar. Durante los trabajos de mitigaci\u00f3n realizados en el sector, se detectaron zonas de roca fragmentada que no estaban contempladas inicialmente. Como parte de estas labores, ya se han [&hellip;]<\/p>\n","protected":false},"author":4,"featured_media":3793,"comment_status":"closed","ping_status":"open","sticky":false,"template":"","format":"standard","meta":{"postBodyCss":"","postBodyMargin":[],"postBodyPadding":[],"postBodyBackground":{"backgroundType":"classic","gradient":""},"footnotes":""},"categories":[518,24,5],"tags":[1657,128,1658,906],"class_list":["post-3790","post","type-post","status-publish","format-standard","has-post-thumbnail","hentry","category-destacada","category-girovisual-tv","category-regional","tag-av-espana-2","tag-region-de-valparaiso","tag-remocion-desprendimientos","tag-serviu"],"_links":{"self":[{"href":"https:\/\/girovisual.cl\/wp2\/wp-json\/wp\/v2\/posts\/3790","targetHints":{"allow":["GET"]}}],"collection":[{"href":"https:\/\/girovisual.cl\/wp2\/wp-json\/wp\/v2\/posts"}],"about":[{"href":"https:\/\/girovisual.cl\/wp2\/wp-json\/wp\/v2\/types\/post"}],"author":[{"embeddable":true,"href":"https:\/\/girovisual.cl\/wp2\/wp-json\/wp\/v2\/users\/4"}],"replies":[{"embeddable":true,"href":"https:\/\/girovisual.cl\/wp2\/wp-json\/wp\/v2\/comments?post=3790"}],"version-history":[{"count":1,"href":"https:\/\/girovisual.cl\/wp2\/wp-json\/wp\/v2\/posts\/3790\/revisions"}],"predecessor-version":[{"id":3794,"href":"https:\/\/girovisual.cl\/wp2\/wp-json\/wp\/v2\/posts\/3790\/revisions\/3794"}],"wp:featuredmedia":[{"embeddable":true,"href":"https:\/\/girovisual.cl\/wp2\/wp-json\/wp\/v2\/media\/3793"}],"wp:attachment":[{"href":"https:\/\/girovisual.cl\/wp2\/wp-json\/wp\/v2\/media?parent=3790"}],"wp:term":[{"taxonomy":"category","embeddable":true,"href":"https:\/\/girovisual.cl\/wp2\/wp-json\/wp\/v2\/categories?post=3790"},{"taxonomy":"post_tag","embeddable":true,"href":"https:\/\/girovisual.cl\/wp2\/wp-json\/wp\/v2\/tags?post=3790"}],"curies":[{"name":"wp","href":"https:\/\/api.w.org\/{rel}","templated":true}]}}